{"id":1,"date":"2018-02-20T10:06:31","date_gmt":"2018-02-20T09:06:31","guid":{"rendered":"http:\/\/www.freemodemalliance.it\/?p=1"},"modified":"2023-03-30T12:02:33","modified_gmt":"2023-03-30T10:02:33","slug":"consumatori-e-imprese-a-difesa-della-libera-scelta-e-della-net-neutrality","status":"publish","type":"post","link":"https:\/\/www.freemodemalliance.it\/index.php\/2018\/02\/20\/consumatori-e-imprese-a-difesa-della-libera-scelta-e-della-net-neutrality\/","title":{"rendered":"Consumatori e imprese a difesa della libera scelta e della net neutrality"},"content":{"rendered":"<div class=\"fusion-fullwidth fullwidth-box nonhundred-percent-fullwidth non-hundred-percent-height-scrolling\"  style='background-color: rgba(255,255,255,0);background-position: center center;background-repeat: no-repeat;padding-top:0px;padding-right:0px;padding-bottom:0px;padding-left:0px;'><div class=\"fusion-builder-row fusion-row \"><div  class=\"fusion-layout-column fusion_builder_column fusion_builder_column_1_1 fusion-builder-column-1 fusion-one-full fusion-column-first fusion-column-last 1_1\"  style='margin-top:0px;margin-bottom:0px;'>\n\t\t\t\t\t<div class=\"fusion-column-wrapper\" style=\"padding: 0px 0px 0px 0px;background-position:left top;background-repeat:no-repeat;-webkit-background-size:cover;-moz-background-size:cover;-o-background-size:cover;background-size:cover;\"   data-bg-url=\"\">\n\t\t\t\t\t\t<span class=\"fusion-imageframe imageframe-none imageframe-1 hover-type-none\"><img decoding=\"async\" src=\"http:\/\/www.freemodemalliance.it\/wp-content\/uploads\/2019\/04\/Articolo_2fascia.jpg\" width=\"\" height=\"\" alt=\"\" title=\"Articolo_2fascia\" class=\"img-responsive wp-image-148\" srcset=\"https:\/\/www.freemodemalliance.it\/wp-content\/uploads\/2019\/04\/Articolo_2fascia-200x63.jpg 200w, https:\/\/www.freemodemalliance.it\/wp-content\/uploads\/2019\/04\/Articolo_2fascia-400x125.jpg 400w, https:\/\/www.freemodemalliance.it\/wp-content\/uploads\/2019\/04\/Articolo_2fascia-600x188.jpg 600w, https:\/\/www.freemodemalliance.it\/wp-content\/uploads\/2019\/04\/Articolo_2fascia-800x250.jpg 800w, https:\/\/www.freemodemalliance.it\/wp-content\/uploads\/2019\/04\/Articolo_2fascia-1200x375.jpg 1200w, https:\/\/www.freemodemalliance.it\/wp-content\/uploads\/2019\/04\/Articolo_2fascia.jpg 1920w\" sizes=\"(max-width: 800px) 100vw, 1200px\" \/><\/span><div class=\"fusion-sep-clear\"><\/div><div class=\"fusion-separator fusion-full-width-sep sep-none\" style=\"margin-left: auto;margin-right: auto;margin-top:30px;\"><\/div><div class=\"fusion-text\"><p class=\"p1\"><span class=\"s1\">La \u201cFREE MODEM ALLIANCE\u201d riunisce associazioni di consumatori, di imprese e di categoria impegnati a difendere la <i>net neutrality<\/i> e il diritto degli utenti di scegliere i propri apparati modem\/router di collegamento alla rete internet, liberi dai divieti e dagli illeciti condizionamenti oggi imposti dai grandi operatori delle telecomunicazioni. Il 20 Febbraio, in conferenza stampa alla Camera dei Deputati, illustreremo gli obiettivi e la<span class=\"Apple-converted-space\">\u00a0 <\/span>strategia dell\u2019Alleanza, anche in vista della nostra partecipazione unitaria alla consultazione AGCOM in corso sul tema del modem libero.<\/span><\/p>\n<p class=\"p2\"><span class=\"s1\"><b>Interverranno:<\/b><\/span><\/p>\n<p class=\"p2\"><span class=\"s1\"><strong>On. Ivan Catalano<\/strong>, Componente Civici e Innovatori<br \/>\n<\/span><span class=\"s1\"><strong>Davide Rossi<\/strong>, per AIRES Confcommercio<br \/>\n<\/span><span class=\"s1\"><strong>Gianfranco Giardina<\/strong>, per VTKE &#8211; Associazione dei fabbricanti di terminali di telecomunicazione<br \/>\n<\/span><span class=\"s1\"><strong>Giovanni Zorzoni<\/strong>, per AIIP<br \/>\n<\/span><span class=\"s1\"><strong>Dino Bortolotto<\/strong>, per ASSOPROVIDER<br \/>\n<\/span><span class=\"s1\"><strong>Emiliano Papadopoulos<\/strong>, per ALLNET ITALIA<br \/>\n<\/span><span class=\"s1\"><strong>Francesco Luongo<\/strong>, per MDC &#8211; MOVIMENTO DIFESA DEL CITTADINO<\/span><\/p>\n<p class=\"p2\"><span class=\"s1\">L&#8217;evento si terr\u00e1 marted\u00ec 20\/02\/2018, ore 14.30, presso la sala stampa della Camera dei Deputati, in via della Missione 4.<\/span><\/p>\n<p class=\"p2\"><span class=\"s1\">Per partecipare occorre comunicare preventivamente il nominativo ad:<\/span><\/p>\n<p class=\"p2\"><strong><span class=\"s1\">Avv. Gabriele Matteo Fiorentini<\/span><\/strong><\/p>\n<p class=\"p4\"><span class=\"s2\">email:<span class=\"Apple-converted-space\">\u00a0 <\/span><a href=\"mailto:gabriele.m.fiorentini@gmail.com\"><span class=\"s3\">gabriele.m.fiorentini@gmail.com<\/span><\/a><br \/>\n<\/span><span class=\"s1\">Cell. 340 5501045<\/span><\/p>\n<p class=\"p2\"><em><span class=\"s1\">Si ricorda che vige per gli uomini l&#8217;obbligo di giacca.<\/span><\/em><\/p>\n<\/div><div class=\"fusion-text\"><p class=\"p2\"><span class=\"s1\"><b>Per informazioni:<\/b><\/span><\/p>\n<p class=\"p1\"><span class=\"s1\"><b>AIRES Confcommercio<\/b>, Associazione Italiana Retailer Elettrodomestici Specializzati,\u00a0costituita nell&#8217;ottobre 2005, riunisce le principali aziende e gruppi distributivi specializzati di elettrodomestici ed elettronica di consumo, e aderisce a Confcommercio Imprese per l&#8217;Italia. Gli associati sono: e.Price, Euronics (insegne Euronics e Euronics Point), Expert (insegne Expert, Comet, Grancasa, Sme), GRE (insegne Trony e Sinergy) e Unieuro (insegne Unieuro e Monclick), con una presenza sia in punti vendita fisici sia attraverso il canale online. Il fatturato totale nel 2017 \u00e8 stato di oltre 8 Miliardi di Euro, con un numero di addetti stimabile intorno alle 16.500 unit\u00e0 e con oltre 180 imprese presenti sul territorio per una superficie espositiva totale di oltre 1.200.000 mq. <\/span><\/p>\n<p class=\"p1\"><span class=\"s1\"><b><i>Meridian Communications Srl<br \/>\n<\/i><\/b><\/span><span class=\"s2\"><i>E-mail: <\/i><a href=\"mailto:silvia.ceriotti@meridiancommunications.it\"><span class=\"s3\"><i>silvia.ceriotti@meridiancommunications.it<\/i><\/span><\/a><\/span><span class=\"s4\"> <a href=\"mailto:viviana.bandieramonte@meridiancommunications.it\"><span class=\"s5\"><i>viviana.bandieramonte@meridiancommunications.it<\/i><\/span><\/a><br \/>\n<\/span><span class=\"s2\">Web: <a href=\"http:\/\/www.airesitalia.it\/\"><span class=\"s3\">www.airesitalia.it<\/span><\/a>\u00a0<\/span><\/p>\n<p class=\"p1\"><span class=\"s1\">Dal 2013 <b>l\u2019Associazione dei fabbricanti di terminali di telecomunicazione<\/b> (<b>VTKE<\/b>, Verbund der Telekommunikations-Endger\u00e4tehersteller) si sta impegnando a garantire in linea generale il successo della liberalizzazione del mercato della telecomunicazione, e in particolare il ripristino della libert\u00e0 di scelta delle apparecchiature terminali. Nella VTKE sono organizzate aziende operative in Europa prevalentemente di media entit\u00e0, che attuano la loro collaborazione in base a singoli progetti. Ci occupiamo di tutte le tematiche che riguardano direttamente o indirettamente il settore dei fabbricanti di terminali di telecomunicazione.<\/span><\/p>\n<p class=\"p1\"><span class=\"s1\"><i>E-mail: <\/i><\/span><span class=\"s2\"><i>info@vtke.de<br \/>\n<\/i><\/span><span class=\"s3\">Web: <a href=\"http:\/\/vtke.de\/it\"><span class=\"s2\"><i>http:\/\/vtke.de\/it<\/i><\/span><\/a><\/span><\/p>\n<p class=\"p1\"><span class=\"s1\"><b>AIIP<\/b> si \u00e8 costituita nel 1995 come prima associazione di ISP in italia ed \u00e8 attualmente formata da circa cinquanta aziende del settore, prevalentemente riconducibili a modelli imprenditoriali personalizzati, flessibili, focalizzati sulla clientele business. Obiettivi dell\u2019associazione sono il rapporto con gli interlocutori istituzionali, la definizione di standard qualitativi e di regole di comportamento nell\u2019ambito dell\u2019offerta internet, la promozione della rete e degli standard aperti, i rapporti con organizzazioni internazionali con finalit\u00e0 simili.<\/span><\/p>\n<p class=\"p1\"><span class=\"s1\"><i>E-mail: <\/i><a href=\"mailto:segre@aiip.it\"><span class=\"s2\"><i>segre@aiip.it<\/i><\/span><\/a><br \/>\n<\/span><span class=\"s1\">Web: <a href=\"http:\/\/www.aiip.it\/\"><span class=\"s3\"><i>www.aiip.it<\/i><\/span><\/a><i> <\/i><\/span><\/p>\n<p class=\"p1\"><span class=\"s1\"><b>ASSOPROVIDER <\/b><\/span><span class=\"s2\">\u00e8 una Associazione Indipendente di Aziende che svolgono l&#8217;attivit\u00e0 di Internet Service Provider (ISP), o comunque una attivit\u00e0 inerente lo sviluppo di progetti di business attraverso l\u2019utilizzo organico della rete Internet. Nata nel Luglio 1999, Assoprovider si<span class=\"Apple-converted-space\">\u00a0 <\/span>prefigge di combattere le logiche di potere e di spartizione dei grandi carriers e delle compagnie di telefonia fino a diventare l\u2019Associazione pi\u00f9 rappresentativa in termini numerici dei Service Provider italiani.<\/span><\/p>\n<p class=\"p1\"><span class=\"s1\"><i>E-mail:<\/i><\/span> <span class=\"s3\"><i>info@assoprovider.it<br \/>\n<\/i><\/span><span class=\"s1\">Web: <a href=\"http:\/\/www.assoprovider.it\/\"><span class=\"s4\"><i>www.assoprovider.it<\/i><\/span><\/a><\/span><\/p>\n<p class=\"p1\"><span class=\"s1\"><b>ALLNET.ITALIA <\/b>\u00e8 un distributore ad alto valore aggiunto, specializzato in soluzioni innovative, nell\u2019informatica e nelle telecomunicazioni. Fondata nel 2000 a Bologna si rivolge ai mercati professionali verticali, lavorando a stretto contatto con System integrator, ISP, installatori e rivenditori certificati, fornendo soluzioni di infrastruttura ed applicazioni ICT complete e personalizzate per le piccole e medie imprese, la pubblica amministrazione, il settore bancario e quello industriale.<\/span><\/p>\n<p class=\"p1\"><span class=\"s1\"><i>E-mail: <\/i><a href=\"mailto:marketing@allnet-italia.it\"><span class=\"s2\"><i>marketing@allnet-italia.it<\/i><\/span><\/a><br \/>\n<\/span><span class=\"s1\"><i>Web: <\/i><a href=\"http:\/\/www.allnet-italia.it\"><span class=\"s2\"><i>www.allnet-italia.it<\/i><\/span><\/a><\/span><\/p>\n<p class=\"p1\"><span class=\"s1\"><b>MODEMLIBERO.IT <\/b>\u00e8 un progetto nato con lo scopo di\u00a0sensibilizzare i consumatori italiani\u00a0sul loro<br \/>\ndiritto alla\u00a0libert\u00e0 di scelta del router\u00a0e di\u00a0dar voce in modo trasparente, informato e indipendente a quanti condividono l\u2019urgenza di\u00a0un cambio di passo\u00a0per rendere l\u2019accesso a internet pi\u00f9 democratico nel nostro Paese.<\/span><\/p>\n<p class=\"p1\"><span class=\"s1\"><i>E-mail:<\/i><b><i> <\/i><\/b><\/span><span class=\"s2\"><i>info@modemlibero.it<br \/>\n<\/i><\/span><span class=\"s1\"><i>Web: <\/i><\/span><span class=\"s2\"><i>www.modemlibero.it<\/i><\/span><\/p>\n<p class=\"p1\"><span class=\"s1\">Il <b>MOVIMENTO DIFESA DEL CITTADINO<\/b> nasce nel 1987 con l\u2019obiettivo di promuovere con ogni mezzo la difesa dei diritti, della libert<\/span><span class=\"s2\">\u00e0<\/span><span class=\"s1\"> e della dignit<\/span><span class=\"s2\">\u00e0<\/span><span class=\"s1\"> dei cittadini, in particolare nei confronti della Pubblica Amministrazione.<span class=\"Apple-converted-space\">\u00a0 <\/span>E&#8217; un\u2019associazione<span class=\"Apple-converted-space\">\u00a0 <\/span>di consumatori rappresentativa a livello nazionale, riconosciuta dal Ministero dello Sviluppo Economico e componente del Consiglio Nazionale dei Consumatori ed Utenti. La sua rete di oltre 100 Sedi e &#8220;Sportelli del cittadino&#8221; in 18 Regioni Italiane offre quotidianamente ai soci servizi di assistenza e consulenza, con esperti qualificati, per tutte le problematiche connesse al consumo ed al risparmio consapevole e sicuro in Italia.<\/span><\/p>\n<p class=\"p1\"><span class=\"s1\"><i>E-mail:<\/i><b><i> <\/i><\/b><\/span><span class=\"s2\"><i>info@modemlibero.it<br \/>\n<\/i><\/span><span class=\"s1\"><i>Web: <\/i><a href=\"http:\/\/www.difesadelcittadino.it\/\"><span class=\"s3\"><i>www.difesadelcittadino.it<\/i><\/span><\/a><\/span><\/p>\n<\/div><div class=\"fusion-clearfix\"><\/div>\n\n\t\t\t\t\t<\/div>\n\t\t\t\t<\/div><\/div><\/div>\n","protected":false},"excerpt":{"rendered":"","protected":false},"author":1,"featured_media":100,"comment_status":"open","ping_status":"open","sticky":false,"template":"","format":"standard","meta":{"footnotes":""},"categories":[9],"tags":[],"_links":{"self":[{"href":"https:\/\/www.freemodemalliance.it\/index.php\/wp-json\/wp\/v2\/posts\/1"}],"collection":[{"href":"https:\/\/www.freemodemalliance.it\/index.php\/wp-json\/wp\/v2\/posts"}],"about":[{"href":"https:\/\/www.freemodemalliance.it\/index.php\/wp-json\/wp\/v2\/types\/post"}],"author":[{"embeddable":true,"href":"https:\/\/www.freemodemalliance.it\/index.php\/wp-json\/wp\/v2\/users\/1"}],"replies":[{"embeddable":true,"href":"https:\/\/www.freemodemalliance.it\/index.php\/wp-json\/wp\/v2\/comments?post=1"}],"version-history":[{"count":8,"href":"https:\/\/www.freemodemalliance.it\/index.php\/wp-json\/wp\/v2\/posts\/1\/revisions"}],"predecessor-version":[{"id":150,"href":"https:\/\/www.freemodemalliance.it\/index.php\/wp-json\/wp\/v2\/posts\/1\/revisions\/150"}],"wp:featuredmedia":[{"embeddable":true,"href":"https:\/\/www.freemodemalliance.it\/index.php\/wp-json\/wp\/v2\/media\/100"}],"wp:attachment":[{"href":"https:\/\/www.freemodemalliance.it\/index.php\/wp-json\/wp\/v2\/media?parent=1"}],"wp:term":[{"taxonomy":"category","embeddable":true,"href":"https:\/\/www.freemodemalliance.it\/index.php\/wp-json\/wp\/v2\/categories?post=1"},{"taxonomy":"post_tag","embeddable":true,"href":"https:\/\/www.freemodemalliance.it\/index.php\/wp-json\/wp\/v2\/tags?post=1"}],"curies":[{"name":"wp","href":"https:\/\/api.w.org\/{rel}","templated":true}]}}